{"id":2511,"date":"2025-07-30T15:07:20","date_gmt":"2025-07-30T13:07:20","guid":{"rendered":"https:\/\/www.ff-bad-hoenningen.de\/?p=2511"},"modified":"2025-11-19T15:08:28","modified_gmt":"2025-11-19T13:08:28","slug":"was-tun-wenn-es-bei-der-feuerwehr-brennt","status":"publish","type":"post","link":"https:\/\/www.ff-bad-hoenningen.de\/?p=2511","title":{"rendered":"Was tun, wenn es bei der Feuerwehr brennt?"},"content":{"rendered":"<div class=\"xdj266r x14z9mp xat24cr x1lziwak x1vvkbs x126k92a\">\n<p dir=\"auto\"><span style=\"font-size: 0.95em;\">Ein Brand im Feuerwehrger\u00e4tehaus \u2013 klingt paradox, ist aber leider Realit\u00e4t. In den letzten Jahren kam es in Deutschland immer wieder zu verheerenden Br\u00e4nden in Feuerwehrh\u00e4usern \u2013 oft ausgel\u00f6st durch technische Defekte an Fahrzeugen oder Ladeeinrichtungen. Der entstandene Schaden? H\u00e4ufig im Millionenbereich \u2013 und schlimmer noch: ein stunden- oder tagelanger Ausfall der Einsatzbereitschaft.<\/span><\/p>\n<\/div>\n<div class=\"x14z9mp xat24cr x1lziwak x1vvkbs xtlvy1s x126k92a\">\n<p dir=\"auto\">Wir, die Freiwillige Feuerwehr Bad H\u00f6nningen, gehen nun einen Schritt weiter. Seit gestern verf\u00fcgen wir \u00fcber eine eigene, interne Brandmeldeanlage (BMA) \u2013 und geh\u00f6ren damit zu den ersten Freiwilligen Feuerwehren in Deutschland, die diesen Schutzstandard umsetzen.<\/p>\n<\/div>\n<div class=\"x14z9mp xat24cr x1lziwak x1vvkbs xtlvy1s x126k92a\">\n<p dir=\"auto\">Die Anlage \u00fcberwacht unser Ger\u00e4tehaus rund um die Uhr und schl\u00e4gt sofort Alarm, sobald Rauch oder Hitzeentwicklung festgestellt wird. Damit k\u00f6nnen wir im Ernstfall nicht nur schneller reagieren, sondern auch unsere Einsatzfahrzeuge und Ausr\u00fcstung bestm\u00f6glich sch\u00fctzen \u2013 denn ohne diese ist Hilfeleistung schlichtweg nicht m\u00f6glich.<\/p>\n<\/div>\n<div class=\"x14z9mp xat24cr x1lziwak x1vvkbs xtlvy1s x126k92a\">\n<div dir=\"auto\">Warum das so wichtig ist:<\/div>\n<div dir=\"auto\">Das Feuerwehrmagazin berichtete bereits mehrfach \u00fcber tragische F\u00e4lle, in denen ganze Ger\u00e4teh\u00e4user abgebrannt sind \u2013 teilweise innerhalb von Minuten. Ein internes Fr\u00fchwarnsystem kann hier den entscheidenden Unterschied machen!<\/div>\n<\/div>\n<div class=\"x14z9mp xat24cr x1lziwak x1vvkbs xtlvy1s x126k92a\">\n<p dir=\"auto\">Wir setzen damit ein klares Zeichen f\u00fcr Pr\u00e4vention, Sicherheit und moderne Technik \u2013 zum Schutz unserer Feuerwehr und damit auch zum Schutz der B\u00fcrgerinnen und B\u00fcrger in Bad H\u00f6nningen.<\/p>\n<\/div>\n<div class=\"x14z9mp xat24cr x1lziwak x1vvkbs xtlvy1s x126k92a\">\n<div dir=\"auto\">Bleibt sicher \u2013 und denkt dran: Brandschutz beginnt immer bei einem selbst.<\/div>\n<div dir=\"auto\"><img loading=\"lazy\" decoding=\"async\" class=\"alignnone size-full wp-image-2512\" src=\"http:\/\/www.ff-bad-hoenningen.de\/wp-content\/uploads\/2025\/11\/525531820_1248948987275800_7157305839502380709_n.jpg\" alt=\"\" width=\"1179\" height=\"924\" srcset=\"https:\/\/www.ff-bad-hoenningen.de\/wp-content\/uploads\/2025\/11\/525531820_1248948987275800_7157305839502380709_n.jpg 1179w, https:\/\/www.ff-bad-hoenningen.de\/wp-content\/uploads\/2025\/11\/525531820_1248948987275800_7157305839502380709_n-300x235.jpg 300w, https:\/\/www.ff-bad-hoenningen.de\/wp-content\/uploads\/2025\/11\/525531820_1248948987275800_7157305839502380709_n-1024x803.jpg 1024w, https:\/\/www.ff-bad-hoenningen.de\/wp-content\/uploads\/2025\/11\/525531820_1248948987275800_7157305839502380709_n-768x602.jpg 768w\" sizes=\"auto, (max-width: 1179px) 100vw, 1179px\" \/> <img loading=\"lazy\" decoding=\"async\" class=\"alignnone size-full wp-image-2513\" src=\"http:\/\/www.ff-bad-hoenningen.de\/wp-content\/uploads\/2025\/11\/526716473_1248948983942467_2973521041173626494_n.jpg\" alt=\"\" width=\"1179\" height=\"924\" srcset=\"https:\/\/www.ff-bad-hoenningen.de\/wp-content\/uploads\/2025\/11\/526716473_1248948983942467_2973521041173626494_n.jpg 1179w, https:\/\/www.ff-bad-hoenningen.de\/wp-content\/uploads\/2025\/11\/526716473_1248948983942467_2973521041173626494_n-300x235.jpg 300w, https:\/\/www.ff-bad-hoenningen.de\/wp-content\/uploads\/2025\/11\/526716473_1248948983942467_2973521041173626494_n-1024x803.jpg 1024w, https:\/\/www.ff-bad-hoenningen.de\/wp-content\/uploads\/2025\/11\/526716473_1248948983942467_2973521041173626494_n-768x602.jpg 768w\" sizes=\"auto, (max-width: 1179px) 100vw, 1179px\" \/><\/div>\n<\/div>\n","protected":false},"excerpt":{"rendered":"<p>Ein Brand im Feuerwehrger\u00e4tehaus \u2013 klingt paradox, ist aber leider Realit\u00e4t. In den letzten Jahren kam es in Deutschland immer wieder zu verheerenden Br\u00e4nden in Feuerwehrh\u00e4usern \u2013 oft ausgel\u00f6st durch technische Defekte an Fahrzeugen oder Ladeeinrichtungen. Der entstandene Schaden? H\u00e4ufig im Millionenbereich \u2013 und schlimmer noch: ein stunden- oder tagelanger Ausfall der Einsatzbereitschaft. Wir, die Freiwillige Feuerwehr Bad H\u00f6nningen, gehen [&#8230;]<\/p>\n","protected":false},"author":1,"featured_media":0,"comment_status":"closed","ping_status":"closed","sticky":false,"template":"","format":"standard","meta":{"footnotes":""},"categories":[4],"tags":[],"class_list":["post-2511","post","type-post","status-publish","format-standard","hentry","category-beitrag"],"_links":{"self":[{"href":"https:\/\/www.ff-bad-hoenningen.de\/index.php?rest_route=\/wp\/v2\/posts\/2511","targetHints":{"allow":["GET"]}}],"collection":[{"href":"https:\/\/www.ff-bad-hoenningen.de\/index.php?rest_route=\/wp\/v2\/posts"}],"about":[{"href":"https:\/\/www.ff-bad-hoenningen.de\/index.php?rest_route=\/wp\/v2\/types\/post"}],"author":[{"embeddable":true,"href":"https:\/\/www.ff-bad-hoenningen.de\/index.php?rest_route=\/wp\/v2\/users\/1"}],"replies":[{"embeddable":true,"href":"https:\/\/www.ff-bad-hoenningen.de\/index.php?rest_route=%2Fwp%2Fv2%2Fcomments&post=2511"}],"version-history":[{"count":1,"href":"https:\/\/www.ff-bad-hoenningen.de\/index.php?rest_route=\/wp\/v2\/posts\/2511\/revisions"}],"predecessor-version":[{"id":2514,"href":"https:\/\/www.ff-bad-hoenningen.de\/index.php?rest_route=\/wp\/v2\/posts\/2511\/revisions\/2514"}],"wp:attachment":[{"href":"https:\/\/www.ff-bad-hoenningen.de\/index.php?rest_route=%2Fwp%2Fv2%2Fmedia&parent=2511"}],"wp:term":[{"taxonomy":"category","embeddable":true,"href":"https:\/\/www.ff-bad-hoenningen.de\/index.php?rest_route=%2Fwp%2Fv2%2Fcategories&post=2511"},{"taxonomy":"post_tag","embeddable":true,"href":"https:\/\/www.ff-bad-hoenningen.de\/index.php?rest_route=%2Fwp%2Fv2%2Ftags&post=2511"}],"curies":[{"name":"wp","href":"https:\/\/api.w.org\/{rel}","templated":true}]}}